{"id":16,"date":"2019-04-05T17:59:58","date_gmt":"2019-04-05T15:59:58","guid":{"rendered":"http:\/\/ns307812.ovh.net\/?p=16"},"modified":"2023-10-27T18:34:11","modified_gmt":"2023-10-27T16:34:11","slug":"le-cachet-de-la-societe-demulation-de-roubaix","status":"publish","type":"post","link":"https:\/\/www.histoirederoubaix.com\/index.php\/2019\/04\/05\/le-cachet-de-la-societe-demulation-de-roubaix\/","title":{"rendered":"Le cachet de la soci\u00e9t\u00e9"},"content":{"rendered":"<div id=\"attachment_30\" style=\"width: 310px\" class=\"wp-caption aligncenter\"><img aria-describedby=\"caption-attachment-30\" loading=\"lazy\" class=\"wp-image-30 size-medium\" src=\"https:\/\/www.histoirederoubaix.com\/wp-content\/uploads\/2019\/04\/logo-ser-300x233.jpg\" alt=\"\" width=\"300\" height=\"233\" srcset=\"https:\/\/www.histoirederoubaix.com\/wp-content\/uploads\/2019\/04\/logo-ser-300x233.jpg 300w, https:\/\/www.histoirederoubaix.com\/wp-content\/uploads\/2019\/04\/logo-ser-1024x796.jpg 1024w, https:\/\/www.histoirederoubaix.com\/wp-content\/uploads\/2019\/04\/logo-ser-768x597.jpg 768w, https:\/\/www.histoirederoubaix.com\/wp-content\/uploads\/2019\/04\/logo-ser-1536x1195.jpg 1536w, https:\/\/www.histoirederoubaix.com\/wp-content\/uploads\/2019\/04\/logo-ser-1200x933.jpg 1200w, https:\/\/www.histoirederoubaix.com\/wp-content\/uploads\/2019\/04\/logo-ser.jpg 1872w\" sizes=\"(max-width: 300px) 100vw, 300px\" \/><p id=\"caption-attachment-30\" class=\"wp-caption-text\">Le cachet de la SER<\/p><\/div>\n<p align=\"justify\"><span style=\"color: #000000;\"><span style=\"font-family: arial, helvetica, sans-serif;\"><span style=\"font-size: large;\">Le cachet ou sceau de la Soci\u00e9t\u00e9 d\u2019\u00c9mulation repr\u00e9sente un<\/span><\/span><\/span> <span style=\"color: #b22222;\"><span style=\"font-family: arial, helvetica, sans-serif;\"><span style=\"font-size: large;\">livre ouvert<\/span><\/span><\/span><span style=\"font-family: arial, helvetica, sans-serif;\"><span style=\"font-size: large;\">, <\/span><\/span><span style=\"color: #000000;\"><span style=\"font-family: arial, helvetica, sans-serif;\"><span style=\"font-size: large;\">\u00e9clair\u00e9 par quelqu<\/span><\/span><\/span><span style=\"font-family: arial, helvetica, sans-serif;\"><span style=\"font-size: large;\">es <\/span><\/span><span style=\"color: #b22222;\"><span style=\"font-family: arial, helvetica, sans-serif;\"><span style=\"font-size: large;\">rayons du soleil<\/span><\/span><\/span><span style=\"font-family: arial, helvetica, sans-serif;\"><span style=\"font-size: large;\">, et <\/span><\/span><span style=\"color: #000000;\"><span style=\"font-family: arial, helvetica, sans-serif;\"><span style=\"font-size: large;\">entour\u00e9 des attributs des lettres, des arts et des sciences,<\/span><\/span><\/span> <span style=\"color: #b22222;\"><span style=\"font-family: arial, helvetica, sans-serif;\"><span style=\"font-size: large;\">la plume, le caduc\u00e9e, la sph\u00e8re, le compas, l\u2019\u00e9querre, la palette, la cornue, etc..<\/span><\/span><\/span><\/p>\n<p align=\"justify\"><span style=\"color: #000000;\"><span style=\"font-family: arial, helvetica, sans-serif;\"><span style=\"font-size: large;\">Sur le feuillet de gauche du livre, les armes de Roubaix, rappelant l\u2019histoire et l\u2019industrie locales ; sur le feuillet de droite, la devise de la Soci\u00e9t\u00e9, dont le choix fut fait dans la s\u00e9ance du 12 juillet 1869. Plusieurs devises avaient \u00e9t\u00e9 propos\u00e9es :<\/span><\/span><\/span><\/p>\n<p align=\"justify\"><span style=\"color: #000000;\"><span style=\"font-family: arial, helvetica, sans-serif;\"><span style=\"font-size: large;\">La premi\u00e8re indiquait bien que le Roubaisien sait quitter la navette pour la plume, les pr\u00e9occupations de l\u2019industrie pour la culture des lettres et des arts ; mais elle ne sembla ne point s\u2019appliquer suffisamment \u00e0 la g\u00e9n\u00e9ralit\u00e9 des membres de la Soci\u00e9t\u00e9, dont la moiti\u00e9 n\u2019\u00e9tait point engag\u00e9e dans l\u2019industrie.<\/span><\/span><\/span><\/p>\n<p align=\"justify\"><span style=\"color: #000000;\"><span style=\"font-family: arial, helvetica, sans-serif;\"><span style=\"font-size: large;\">La seconde extraite d\u2019une \u00e9pigraphe de Michel de Roubaix : ne scribam vanum, duc, pia Virgo, manun, avait une application plus g\u00e9n\u00e9rale, mais elle parut trop vague en l\u2019absence de son compl\u00e9ment, elle laissait un trop vaste champ \u00e0 l\u2019interpr\u00e9tation et l\u2019on e\u00fbt pu lui donner une port\u00e9e qui n\u2019\u00e9tait\u00a0 point dans les vues de la Soci\u00e9t\u00e9.<\/span><\/span><\/span><\/p>\n<p align=\"justify\"><span style=\"color: #000000;\"><span style=\"font-family: arial, helvetica, sans-serif;\"><span style=\"font-size: large;\">La troisi\u00e8me fit craindre que dans notre ville commer\u00e7ante et industrielle o\u00f9 toute transaction, tout travail, toute \u00e9mulation se r\u00e9sume dans le gain, on ne fit un rapprochement peu favorable au d\u00e9sint\u00e9ressement que suppose le culte des lettres, des sciences et des arts.<\/span><\/span><\/span><\/p>\n<p align=\"justify\"><span style=\"color: #000000;\"><span style=\"font-family: arial, helvetica, sans-serif;\"><span style=\"font-size: large;\">La derni\u00e8re, <\/span><\/span><\/span><span style=\"color: #b22222;\"><span style=\"font-family: arial, helvetica, sans-serif;\"><span style=\"font-size: large;\">\u00ab <\/span><\/span><\/span><strong><span style=\"color: #b22222;\"><span style=\"font-family: arial, helvetica, sans-serif;\"><span style=\"font-size: large;\">semper ascende<\/span><\/span><\/span><\/strong><span style=\"color: #b22222;\"><span style=\"font-family: arial, helvetica, sans-serif;\"><span style=\"font-size: large;\"> \u00bb, <\/span><\/span><\/span><span style=\"color: #000000;\"><span style=\"font-family: arial, helvetica, sans-serif;\"><span style=\"font-size: large;\">propos\u00e9e par l\u2019abb\u00e9 Vassart, est une parole tir\u00e9e de Saint Augustin ; elle rentre parfaitement dans le style des devises : elle exprime heureusement et \u00e9nergiquement le progr\u00e8s qui toujours marche ; elle ne laisse rien d\u2019ind\u00e9termin\u00e9 : elle caract\u00e9rise nettement le but de l\u2019\u00e9mulation.<\/span><\/span><\/span><\/p>\n","protected":false},"excerpt":{"rendered":"<p>Le cachet ou sceau de la Soci\u00e9t\u00e9 d\u2019\u00c9mulation repr\u00e9sente un livre ouvert, \u00e9clair\u00e9 par quelques rayons du soleil, et entour\u00e9 des attributs des lettres, des arts et des sciences, la plume, le caduc\u00e9e, la sph\u00e8re, le compas, l\u2019\u00e9querre, la palette, la cornue, etc.. Sur le feuillet de gauche du livre, les armes de Roubaix, rappelant [&hellip;]<\/p>\n","protected":false},"author":1,"featured_media":0,"comment_status":"open","ping_status":"open","sticky":false,"template":"","format":"standard","meta":[],"categories":[15],"tags":[74,265],"_links":{"self":[{"href":"https:\/\/www.histoirederoubaix.com\/index.php\/wp-json\/wp\/v2\/posts\/16"}],"collection":[{"href":"https:\/\/www.histoirederoubaix.com\/index.php\/wp-json\/wp\/v2\/posts"}],"about":[{"href":"https:\/\/www.histoirederoubaix.com\/index.php\/wp-json\/wp\/v2\/types\/post"}],"author":[{"embeddable":true,"href":"https:\/\/www.histoirederoubaix.com\/index.php\/wp-json\/wp\/v2\/users\/1"}],"replies":[{"embeddable":true,"href":"https:\/\/www.histoirederoubaix.com\/index.php\/wp-json\/wp\/v2\/comments?post=16"}],"version-history":[{"count":1,"href":"https:\/\/www.histoirederoubaix.com\/index.php\/wp-json\/wp\/v2\/posts\/16\/revisions"}],"predecessor-version":[{"id":2286,"href":"https:\/\/www.histoirederoubaix.com\/index.php\/wp-json\/wp\/v2\/posts\/16\/revisions\/2286"}],"wp:attachment":[{"href":"https:\/\/www.histoirederoubaix.com\/index.php\/wp-json\/wp\/v2\/media?parent=16"}],"wp:term":[{"taxonomy":"category","embeddable":true,"href":"https:\/\/www.histoirederoubaix.com\/index.php\/wp-json\/wp\/v2\/categories?post=16"},{"taxonomy":"post_tag","embeddable":true,"href":"https:\/\/www.histoirederoubaix.com\/index.php\/wp-json\/wp\/v2\/tags?post=16"}],"curies":[{"name":"wp","href":"https:\/\/api.w.org\/{rel}","templated":true}]}}