{"id":2008,"date":"2023-04-27T08:07:15","date_gmt":"2023-04-27T06:07:15","guid":{"rendered":"https:\/\/www.histoirederoubaix.com\/?p=2008"},"modified":"2023-04-28T12:20:30","modified_gmt":"2023-04-28T10:20:30","slug":"concours-photos-2023","status":"publish","type":"post","link":"https:\/\/www.histoirederoubaix.com\/index.php\/2023\/04\/27\/concours-photos-2023\/","title":{"rendered":"concours-photos-2023"},"content":{"rendered":"<p><strong>9e \u00e9dition de notre concours-photos, le th\u00e8me de cette ann\u00e9e : Roubaix, ville-monde !<\/strong><\/p>\n<p><strong>\u00a0<\/strong>Par Evelyne Gronier-Renaut<\/p>\n<p><em>Mixit\u00e9, multiculturalit\u00e9 \u2026 des notions connues de tous les Roubaisiens. Cette ann\u00e9e alors, affichons-les avec fiert\u00e9 sur les photos de cette nouvelle \u00e9dition ! <\/em><\/p>\n<p><em>\u00a0<\/em>\u00ab\u00a0<em> Roubaix, ville-monde \u00ab\u00a0<\/em>, un th\u00e8me riche <img loading=\"lazy\" class=\"size-medium wp-image-2011 alignleft\" src=\"https:\/\/www.histoirederoubaix.com\/wp-content\/uploads\/2023\/04\/EG2-225x300.jpg\" alt=\"\" width=\"225\" height=\"300\" srcset=\"https:\/\/www.histoirederoubaix.com\/wp-content\/uploads\/2023\/04\/EG2-225x300.jpg 225w, https:\/\/www.histoirederoubaix.com\/wp-content\/uploads\/2023\/04\/EG2.jpg 750w\" sizes=\"(max-width: 225px) 100vw, 225px\" \/>qui r\u00e9v\u00e9lera toute la diversit\u00e9 de Roubaix : dans son architecture bien s\u00fbr, mais aussi dans les f\u00eates, populaires ou familiales, les magasins, l\u2019artisanat, les coutumes et traditions des uns et des autres, les restaurants, les habitudes alimentaires, la musique, l\u2019art urbain, etc. A vous de jouer Mesdames et Messieurs les photographes !<\/p>\n<p>Comme chaque ann\u00e9e, promenez-vous dans Roubaix les yeux et l\u2019esprit grand ouverts et envoyez-nous vos meilleurs clich\u00e9s centr\u00e9s sur le sujet. Cette ann\u00e9e, nous en limitons le nombre \u00e0 4 par personne. Bien s\u00fbr, ce concours est toujours gratuit et ouvert \u00e0 tous.<\/p>\n<p>Comme chaque ann\u00e9e, il faut pouvoir y reconnaitre Roubaix.<\/p>\n<p>Enfin, comme chaque ann\u00e9e vous les enverrez, apr\u00e8s avoir nomm\u00e9 votre fichier de votre nom et du lieu (exemple : Gronier\/parc Barbieux) sur le mail <a href=\"mailto:concoursphotosser@gmail.com\">concoursphotosser@gmail.com<\/a> avant le 31 ao\u00fbt 2023. Merci de nous envoyer des photos d\u2019environ 1 Mo. Des photos trop lourdes (plus de 3 Mo) ou trop l\u00e9g\u00e8res (en dessous de 500 ko) risquent de ne pas \u00eatre s\u00e9lectionn\u00e9es.<\/p>\n<p><img loading=\"lazy\" class=\"size-medium wp-image-2014 alignleft\" src=\"https:\/\/www.histoirederoubaix.com\/wp-content\/uploads\/2023\/04\/JMD-3-300x225.jpeg\" alt=\"\" width=\"300\" height=\"225\" srcset=\"https:\/\/www.histoirederoubaix.com\/wp-content\/uploads\/2023\/04\/JMD-3-300x225.jpeg 300w, https:\/\/www.histoirederoubaix.com\/wp-content\/uploads\/2023\/04\/JMD-3-1024x768.jpeg 1024w, https:\/\/www.histoirederoubaix.com\/wp-content\/uploads\/2023\/04\/JMD-3-768x576.jpeg 768w, https:\/\/www.histoirederoubaix.com\/wp-content\/uploads\/2023\/04\/JMD-3.jpeg 1280w\" sizes=\"(max-width: 300px) 100vw, 300px\" \/>\u00a0 \u00a0 \u00a0 \u00a0 <img loading=\"lazy\" class=\"size-medium wp-image-2015 alignright\" src=\"https:\/\/www.histoirederoubaix.com\/wp-content\/uploads\/2023\/04\/JMD2-300x225.jpeg\" alt=\"\" width=\"300\" height=\"225\" srcset=\"https:\/\/www.histoirederoubaix.com\/wp-content\/uploads\/2023\/04\/JMD2-300x225.jpeg 300w, https:\/\/www.histoirederoubaix.com\/wp-content\/uploads\/2023\/04\/JMD2-1024x768.jpeg 1024w, https:\/\/www.histoirederoubaix.com\/wp-content\/uploads\/2023\/04\/JMD2-768x576.jpeg 768w, https:\/\/www.histoirederoubaix.com\/wp-content\/uploads\/2023\/04\/JMD2.jpeg 1280w\" sizes=\"(max-width: 300px) 100vw, 300px\" \/>\u00a0 \u00a0 \u00a0 \u00a0 <img loading=\"lazy\" class=\"size-medium wp-image-2016 aligncenter\" src=\"https:\/\/www.histoirederoubaix.com\/wp-content\/uploads\/2023\/04\/JR-1--300x225.jpg\" alt=\"\" width=\"300\" height=\"225\" srcset=\"https:\/\/www.histoirederoubaix.com\/wp-content\/uploads\/2023\/04\/JR-1--300x225.jpg 300w, https:\/\/www.histoirederoubaix.com\/wp-content\/uploads\/2023\/04\/JR-1--1024x768.jpg 1024w, https:\/\/www.histoirederoubaix.com\/wp-content\/uploads\/2023\/04\/JR-1--768x576.jpg 768w, https:\/\/www.histoirederoubaix.com\/wp-content\/uploads\/2023\/04\/JR-1-.jpg 1500w\" sizes=\"(max-width: 300px) 100vw, 300px\" \/><\/p>\n<p>Et comme chaque ann\u00e9e enfin, les photos seront expos\u00e9es durant les Journ\u00e9es du Patrimoine, les 16 et 17 septembre, dans un lieu patrimonial de Roubaix ; cette ann\u00e9e, ce sera au Couvent de la Visitation, bd de Strasbourg. Les meilleures photos d\u00e9sign\u00e9es par un jury et par le public gagneront de superbes cadeaux offerts par nos fid\u00e8les partenaires tels que les Amis du Mus\u00e9e de la Piscine, le Colis\u00e9e, le Furet de Roubaix ou Camara Grand-Rue pour ne citer qu\u2019eux pour le moment.<\/p>\n<p>Enfin, un prix sp\u00e9cial junior sera d\u00e9cern\u00e9 \u00e0 la meilleure photo tir\u00e9e par \u00ab\u00a0un junior\u00a0\u00bb, c\u2019est-\u00e0-dire une ou un photographe de moins de 16 ans. Coll\u00e9giens, lyc\u00e9ens, on vous attend\u00a0! N\u2019oubliez pas d\u2019indiquer votre \u00e2ge dans votre envoi de photos\u00a0!<\/p>\n<p><img loading=\"lazy\" class=\"size-medium wp-image-2013 alignleft\" src=\"https:\/\/www.histoirederoubaix.com\/wp-content\/uploads\/2023\/04\/EG7--300x225.jpg\" alt=\"\" width=\"300\" height=\"225\" srcset=\"https:\/\/www.histoirederoubaix.com\/wp-content\/uploads\/2023\/04\/EG7--300x225.jpg 300w, https:\/\/www.histoirederoubaix.com\/wp-content\/uploads\/2023\/04\/EG7--1024x768.jpg 1024w, https:\/\/www.histoirederoubaix.com\/wp-content\/uploads\/2023\/04\/EG7--768x576.jpg 768w, https:\/\/www.histoirederoubaix.com\/wp-content\/uploads\/2023\/04\/EG7-.jpg 1500w\" sizes=\"(max-width: 300px) 100vw, 300px\" \/><img loading=\"lazy\" class=\"size-medium wp-image-2012 alignright\" src=\"https:\/\/www.histoirederoubaix.com\/wp-content\/uploads\/2023\/04\/EG4-300x225.jpg\" alt=\"\" width=\"300\" height=\"225\" srcset=\"https:\/\/www.histoirederoubaix.com\/wp-content\/uploads\/2023\/04\/EG4-300x225.jpg 300w, https:\/\/www.histoirederoubaix.com\/wp-content\/uploads\/2023\/04\/EG4-768x576.jpg 768w, https:\/\/www.histoirederoubaix.com\/wp-content\/uploads\/2023\/04\/EG4.jpg 1000w\" sizes=\"(max-width: 300px) 100vw, 300px\" \/><\/p>\n<p>&nbsp;<\/p>\n<p style=\"text-align: center;\"><span style=\"color: #ff0000;\"><strong>A vos appareils et bon amusement\u00a0!<\/strong><\/span><\/p>\n","protected":false},"excerpt":{"rendered":"<p>9e \u00e9dition de notre concours-photos, le th\u00e8me de cette ann\u00e9e : Roubaix, ville-monde ! \u00a0Par Evelyne Gronier-Renaut Mixit\u00e9, multiculturalit\u00e9 \u2026 des notions connues de tous les Roubaisiens. Cette ann\u00e9e alors, affichons-les avec fiert\u00e9 sur les photos de cette nouvelle \u00e9dition ! \u00a0\u00ab\u00a0 Roubaix, ville-monde \u00ab\u00a0, un th\u00e8me riche qui r\u00e9v\u00e9lera toute la diversit\u00e9 de Roubaix [&hellip;]<\/p>\n","protected":false},"author":5,"featured_media":0,"comment_status":"open","ping_status":"open","sticky":false,"template":"","format":"standard","meta":[],"categories":[3,7],"tags":[306,176,223,315],"_links":{"self":[{"href":"https:\/\/www.histoirederoubaix.com\/index.php\/wp-json\/wp\/v2\/posts\/2008"}],"collection":[{"href":"https:\/\/www.histoirederoubaix.com\/index.php\/wp-json\/wp\/v2\/posts"}],"about":[{"href":"https:\/\/www.histoirederoubaix.com\/index.php\/wp-json\/wp\/v2\/types\/post"}],"author":[{"embeddable":true,"href":"https:\/\/www.histoirederoubaix.com\/index.php\/wp-json\/wp\/v2\/users\/5"}],"replies":[{"embeddable":true,"href":"https:\/\/www.histoirederoubaix.com\/index.php\/wp-json\/wp\/v2\/comments?post=2008"}],"version-history":[{"count":21,"href":"https:\/\/www.histoirederoubaix.com\/index.php\/wp-json\/wp\/v2\/posts\/2008\/revisions"}],"predecessor-version":[{"id":2040,"href":"https:\/\/www.histoirederoubaix.com\/index.php\/wp-json\/wp\/v2\/posts\/2008\/revisions\/2040"}],"wp:attachment":[{"href":"https:\/\/www.histoirederoubaix.com\/index.php\/wp-json\/wp\/v2\/media?parent=2008"}],"wp:term":[{"taxonomy":"category","embeddable":true,"href":"https:\/\/www.histoirederoubaix.com\/index.php\/wp-json\/wp\/v2\/categories?post=2008"},{"taxonomy":"post_tag","embeddable":true,"href":"https:\/\/www.histoirederoubaix.com\/index.php\/wp-json\/wp\/v2\/tags?post=2008"}],"curies":[{"name":"wp","href":"https:\/\/api.w.org\/{rel}","templated":true}]}}