{"id":2147,"date":"2023-05-31T08:12:29","date_gmt":"2023-05-31T06:12:29","guid":{"rendered":"https:\/\/www.histoirederoubaix.com\/?p=2147"},"modified":"2025-05-15T11:22:56","modified_gmt":"2025-05-15T09:22:56","slug":"n-16-mars-aout-2014","status":"publish","type":"post","link":"https:\/\/www.histoirederoubaix.com\/index.php\/2023\/05\/31\/n-16-mars-aout-2014\/","title":{"rendered":"n\u00b0 16 Mars-Ao\u00fbt 2014"},"content":{"rendered":"<div id=\"attachment_950\" style=\"width: 222px\" class=\"wp-caption alignnone\"><img aria-describedby=\"caption-attachment-950\" loading=\"lazy\" class=\"size-medium wp-image-950\" src=\"https:\/\/www.histoirederoubaix.com\/wp-content\/uploads\/2019\/06\/GPcouv16-212x300.jpg\" alt=\"\" width=\"212\" height=\"300\" srcset=\"https:\/\/www.histoirederoubaix.com\/wp-content\/uploads\/2019\/06\/GPcouv16-212x300.jpg 212w, https:\/\/www.histoirederoubaix.com\/wp-content\/uploads\/2019\/06\/GPcouv16-724x1024.jpg 724w, https:\/\/www.histoirederoubaix.com\/wp-content\/uploads\/2019\/06\/GPcouv16.jpg 750w\" sizes=\"(max-width: 212px) 100vw, 212px\" \/><p id=\"caption-attachment-950\" class=\"wp-caption-text\">n\u00b016<\/p><\/div>\n<p><span style=\"font-family: Liberation Serif, serif;\"><span style=\"font-size: medium;\"><b>\u00c9ditorial<\/b> par Bernard Schaeffer et Gilles Maury p5<\/span><\/span><\/p>\n<p><span style=\"font-family: Liberation Serif, serif;\"><span style=\"font-size: medium;\"><b>Parutions &amp; actualit\u00e9s <\/b><\/span><\/span><\/p>\n<p><span style=\"font-family: Liberation Serif, serif;\"><span style=\"font-size: medium;\">Signet Roubaix, L\u2019infatigable Philippe Waret, <\/span><\/span><\/p>\n<p><span style=\"font-family: Liberation Serif, serif;\"><span style=\"font-size: medium;\">Aux ANMT\u00a0: le travail, c\u2019est tout un monde, D\u00e9couvrir les \u00e9ditions Au Paravent<\/span><\/span><\/p>\n<p><span style=\"font-family: Liberation Serif, serif;\"><span style=\"font-size: medium;\">par Josiane Deroubaix, Gilles Maury, Evelyne Gronier-Renaut p6 \u00e0 10<\/span><\/span><\/p>\n<p><span style=\"font-family: Liberation Serif, serif;\"><span style=\"font-size: medium;\"><b>Histoire industrielle et commerciale<\/b><\/span><\/span><\/p>\n<p><span style=\"font-family: Liberation Serif, serif;\"><span style=\"font-size: medium;\">Damart \u2026 60 ans, et alors\u00a0? par Evelyne Gronier-Renaut p12<\/span><\/span><\/p>\n<p><span style=\"font-family: Liberation Serif, serif;\"><span style=\"font-size: medium;\"><b>Dossier<\/b><\/span><\/span><\/p>\n<p><span style=\"font-family: Liberation Serif, serif;\"><span style=\"font-size: medium;\">Le Prix de l&rsquo;\u00e9mulation 2013 Les Laur\u00e9ats<\/span><\/span><\/p>\n<p><span style=\"font-family: Liberation Serif, serif;\"><span style=\"font-size: medium;\">par Michel David, Josiane Deroubaix, Evelyne Gronier-Renaut, Fatima Jibidar, Gilles Maury, <\/span><\/span><\/p>\n<p><span style=\"font-family: Liberation Serif, serif;\"><span style=\"font-size: medium;\">Laurence Mourette p 24<\/span><\/span><\/p>\n<p><span style=\"font-family: Liberation Serif, serif;\"><span style=\"font-size: medium;\"><b>Portrait<\/b><\/span><\/span><\/p>\n<p><span style=\"font-family: Liberation Serif, serif;\"><span style=\"font-size: medium;\">From Roubaix to Boston, Yvonne Furneaux par Isabelle Baudelet p 34<\/span><\/span><\/p>\n<p><span style=\"font-family: Liberation Serif, serif;\"><span style=\"font-size: medium;\"><b>Histoire<\/b><\/span><\/span><\/p>\n<p><span style=\"font-family: Liberation Serif, serif;\"><span style=\"font-size: medium;\">Fait tragique \u00e0 l\u2019\u00e9glise Saint-Michel par Xavier Lepoutre p 42<\/span><\/span><\/p>\n<p><span style=\"font-family: Liberation Serif, serif;\"><span style=\"font-size: medium;\">Bouvy, encore \u2026\/une pi\u00e8ce manquante par Gilles Maury, Isabelle Baudelet p 44<\/span><\/span><\/p>\n<p><span style=\"font-family: Liberation Serif, serif;\"><span style=\"font-size: medium;\">Th\u00e9odore Botrel \u00e0 Roubaix par Philippe Waret p 48<\/span><\/span><\/p>\n<p><span style=\"font-family: Liberation Serif, serif;\"><span style=\"font-size: medium;\"><b>Abonnement, adh\u00e9sions, anciens num\u00e9ros<\/b> p 49<\/span><\/span><\/p>\n","protected":false},"excerpt":{"rendered":"<p>\u00c9ditorial par Bernard Schaeffer et Gilles Maury p5 Parutions &amp; actualit\u00e9s Signet Roubaix, L\u2019infatigable Philippe Waret, Aux ANMT\u00a0: le travail, c\u2019est tout un monde, D\u00e9couvrir les \u00e9ditions Au Paravent par Josiane Deroubaix, Gilles Maury, Evelyne Gronier-Renaut p6 \u00e0 10 Histoire industrielle et commerciale Damart \u2026 60 ans, et alors\u00a0? par Evelyne Gronier-Renaut p12 Dossier Le [&hellip;]<\/p>\n","protected":false},"author":3,"featured_media":0,"comment_status":"open","ping_status":"open","sticky":false,"template":"","format":"standard","meta":[],"categories":[17,457],"tags":[389,322,387,388],"_links":{"self":[{"href":"https:\/\/www.histoirederoubaix.com\/index.php\/wp-json\/wp\/v2\/posts\/2147"}],"collection":[{"href":"https:\/\/www.histoirederoubaix.com\/index.php\/wp-json\/wp\/v2\/posts"}],"about":[{"href":"https:\/\/www.histoirederoubaix.com\/index.php\/wp-json\/wp\/v2\/types\/post"}],"author":[{"embeddable":true,"href":"https:\/\/www.histoirederoubaix.com\/index.php\/wp-json\/wp\/v2\/users\/3"}],"replies":[{"embeddable":true,"href":"https:\/\/www.histoirederoubaix.com\/index.php\/wp-json\/wp\/v2\/comments?post=2147"}],"version-history":[{"count":1,"href":"https:\/\/www.histoirederoubaix.com\/index.php\/wp-json\/wp\/v2\/posts\/2147\/revisions"}],"predecessor-version":[{"id":2148,"href":"https:\/\/www.histoirederoubaix.com\/index.php\/wp-json\/wp\/v2\/posts\/2147\/revisions\/2148"}],"wp:attachment":[{"href":"https:\/\/www.histoirederoubaix.com\/index.php\/wp-json\/wp\/v2\/media?parent=2147"}],"wp:term":[{"taxonomy":"category","embeddable":true,"href":"https:\/\/www.histoirederoubaix.com\/index.php\/wp-json\/wp\/v2\/categories?post=2147"},{"taxonomy":"post_tag","embeddable":true,"href":"https:\/\/www.histoirederoubaix.com\/index.php\/wp-json\/wp\/v2\/tags?post=2147"}],"curies":[{"name":"wp","href":"https:\/\/api.w.org\/{rel}","templated":true}]}}