{"id":2189,"date":"2023-06-02T15:18:35","date_gmt":"2023-06-02T13:18:35","guid":{"rendered":"https:\/\/www.histoirederoubaix.com\/?p=2189"},"modified":"2025-05-15T11:10:39","modified_gmt":"2025-05-15T09:10:39","slug":"n29-octobre-2020","status":"publish","type":"post","link":"https:\/\/www.histoirederoubaix.com\/index.php\/2023\/06\/02\/n29-octobre-2020\/","title":{"rendered":"n\u00b029 Octobre 2020"},"content":{"rendered":"<div id=\"attachment_1370\" style=\"width: 222px\" class=\"wp-caption alignnone\"><img aria-describedby=\"caption-attachment-1370\" loading=\"lazy\" class=\"size-medium wp-image-1370\" src=\"https:\/\/www.histoirederoubaix.com\/wp-content\/uploads\/2019\/10\/GPn29couv-212x300.jpg\" alt=\"\" width=\"212\" height=\"300\" srcset=\"https:\/\/www.histoirederoubaix.com\/wp-content\/uploads\/2019\/10\/GPn29couv-212x300.jpg 212w, https:\/\/www.histoirederoubaix.com\/wp-content\/uploads\/2019\/10\/GPn29couv.jpg 620w\" sizes=\"(max-width: 212px) 100vw, 212px\" \/><p id=\"caption-attachment-1370\" class=\"wp-caption-text\">n\u00b029<\/p><\/div>\n<p><span style=\"font-family: Times New Roman, serif;\"><span style=\"font-size: small;\"><b>\u00c9ditorial<\/b><\/span><span style=\"font-size: small;\"> par Gilles Maury p.5<\/span><\/span><\/p>\n<p><span style=\"font-family: Times New Roman, serif;\"><span style=\"font-size: small;\"><b>Un incroyable retour, le carnet des proc\u00e8s-verbaux de la SER retrouv\u00e9\u00a0! <\/b><\/span><\/span><\/p>\n<p><span style=\"font-family: Times New Roman, serif;\"><span style=\"font-size: small;\">par Josiane Deroubaix et Gilles Maury<\/span><span style=\"font-size: small;\"> p.6<\/span><\/span><\/p>\n<p><span style=\"font-family: Times New Roman, serif;\"><span style=\"font-size: small;\"><b>L&rsquo;effervescence sociale \u00e0 Roubaix au temps de la \u00ab Belle \u00c9poque \u00bb (1871-1914)<\/b><\/span><span style=\"font-size: small;\"> par Pierre Ketels p.10<\/span><\/span><\/p>\n<p><span style=\"font-family: Times New Roman, serif;\"><span style=\"font-size: small;\"><b>La Piscine enrichit son fonds roubaisien<\/b><\/span><span style=\"font-size: small;\"> par Germain Hirselj p.15<\/span><\/span><\/p>\n<p><span style=\"font-family: Times New Roman, serif;\"><span style=\"font-size: small;\"><b>Gaby Verlor, une grande artiste de Roubaix<\/b><\/span><span style=\"font-size: small;\"> par Pierre-Henri Malbrel p.18<\/span><\/span><\/p>\n<p><span style=\"font-family: Times New Roman, serif;\"><span style=\"font-size: small;\"><b>Roubaix comme vous ne l&rsquo;avez jamais vu<\/b><\/span><span style=\"font-size: small;\"> par Evelyne Gronier-Renaut et Gilles Maury p.20<\/span><\/span><\/p>\n<p><span style=\"font-family: Times New Roman, serif;\"><span style=\"font-size: small;\"> Souvenir des ann\u00e9es 1900<\/span><\/span><\/p>\n<p><span style=\"font-family: Times New Roman, serif;\"><span style=\"font-size: small;\"> Souvenirs du confinement<\/span><\/span><\/p>\n<p><span style=\"font-family: Times New Roman, serif;\"><span style=\"font-size: small;\"> Un chantier exceptionnel, Les travaux \u00e0 la Condition publique<\/span><\/span><\/p>\n<p><span style=\"font-family: Times New Roman, serif;\"><span style=\"font-size: small;\"> Roubaix disparu pour de mauvaises raisons ?<\/span><\/span><\/p>\n<p><span style=\"font-family: Times New Roman, serif;\"><span style=\"font-size: small;\"> Une usine flambant neuve, le tissage Motte \u00e0 Leers vers 1900<\/span><\/span><\/p>\n<p><span style=\"font-family: Times New Roman, serif;\"><span style=\"font-size: small;\"><b>L&rsquo;abb\u00e9 Georges-Fran\u00e7ois Br\u00e9dart 1764-1824, le pr\u00eatre qui a influenc\u00e9, par correspondance, l&rsquo;histoire de Roubaix<\/b><\/span><span style=\"font-size: small;\"> par Bernard Catrice p.38<\/span><\/span><\/p>\n<p><span style=\"font-family: Times New Roman, serif;\"><span style=\"font-size: small;\"><b>Un missionnaire roubaisien en Chine\u00a0: la vie du p\u00e8re Gustave Thieffry<\/b><\/span><span style=\"font-size: small;\"> par Marc Lehoucq p.46<\/span><\/span><\/p>\n<p><span style=\"font-family: Times New Roman, serif;\"><span style=\"font-size: small;\"><b>Grande Guerre \/ \u00e9pisode 13\u00a0: Ao\u00fbt 1914, un Roubaisien au si\u00e8ge de Maubeuge<\/b><\/span><span style=\"font-size: small;\"> par Anne-Th\u00e9r\u00e8se Dhelft p.52<\/span><\/span><\/p>\n<p><span style=\"font-family: Times New Roman, serif;\"><span style=\"font-size: small;\"><b>Bibliographie\u00a0: Nouvelles lectures \u00e0 propos de Roubaix&#8230;<\/b><\/span><span style=\"font-size: small;\"> par Pierre Leman p.54<\/span><\/span><\/p>\n","protected":false},"excerpt":{"rendered":"<p>\u00c9ditorial par Gilles Maury p.5 Un incroyable retour, le carnet des proc\u00e8s-verbaux de la SER retrouv\u00e9\u00a0! par Josiane Deroubaix et Gilles Maury p.6 L&rsquo;effervescence sociale \u00e0 Roubaix au temps de la \u00ab Belle \u00c9poque \u00bb (1871-1914) par Pierre Ketels p.10 La Piscine enrichit son fonds roubaisien par Germain Hirselj p.15 Gaby Verlor, une grande artiste [&hellip;]<\/p>\n","protected":false},"author":3,"featured_media":0,"comment_status":"open","ping_status":"open","sticky":false,"template":"","format":"standard","meta":[],"categories":[17,457],"tags":[427,426,428,205],"_links":{"self":[{"href":"https:\/\/www.histoirederoubaix.com\/index.php\/wp-json\/wp\/v2\/posts\/2189"}],"collection":[{"href":"https:\/\/www.histoirederoubaix.com\/index.php\/wp-json\/wp\/v2\/posts"}],"about":[{"href":"https:\/\/www.histoirederoubaix.com\/index.php\/wp-json\/wp\/v2\/types\/post"}],"author":[{"embeddable":true,"href":"https:\/\/www.histoirederoubaix.com\/index.php\/wp-json\/wp\/v2\/users\/3"}],"replies":[{"embeddable":true,"href":"https:\/\/www.histoirederoubaix.com\/index.php\/wp-json\/wp\/v2\/comments?post=2189"}],"version-history":[{"count":1,"href":"https:\/\/www.histoirederoubaix.com\/index.php\/wp-json\/wp\/v2\/posts\/2189\/revisions"}],"predecessor-version":[{"id":2190,"href":"https:\/\/www.histoirederoubaix.com\/index.php\/wp-json\/wp\/v2\/posts\/2189\/revisions\/2190"}],"wp:attachment":[{"href":"https:\/\/www.histoirederoubaix.com\/index.php\/wp-json\/wp\/v2\/media?parent=2189"}],"wp:term":[{"taxonomy":"category","embeddable":true,"href":"https:\/\/www.histoirederoubaix.com\/index.php\/wp-json\/wp\/v2\/categories?post=2189"},{"taxonomy":"post_tag","embeddable":true,"href":"https:\/\/www.histoirederoubaix.com\/index.php\/wp-json\/wp\/v2\/tags?post=2189"}],"curies":[{"name":"wp","href":"https:\/\/api.w.org\/{rel}","templated":true}]}}