{"id":2521,"date":"2025-04-29T18:45:59","date_gmt":"2025-04-29T16:45:59","guid":{"rendered":"https:\/\/www.histoirederoubaix.com\/?p=2521"},"modified":"2025-05-28T11:16:01","modified_gmt":"2025-05-28T09:16:01","slug":"concours-2025","status":"publish","type":"post","link":"https:\/\/www.histoirederoubaix.com\/index.php\/2025\/04\/29\/concours-2025\/","title":{"rendered":"concours 2025"},"content":{"rendered":"<p style=\"text-align: center;\"><strong>Concours-photos ? Oui mais \u00ab\u00a0pas que\u00a0\u00bb, en cette ann\u00e9e du 11e concours \u00ab\u00a0Roubaix dans les yeux\u00a0\u00bb !<\/strong><\/p>\n<p><em>Cette ann\u00e9e, le th\u00e8me national des Journ\u00e9es du Patrimoine est du \u00ab\u00a0pain b\u00e9nit\u00bb pour ceux qui aiment Roubaix : <\/em>\u00ab\u00a0patrimoine architectural, rep\u00e8re de l\u2019histoire locale et de la m\u00e9moire collective\u00a0\u00bb<em>. Nous sommes particuli\u00e8rement g\u00e2t\u00e9s \u00e0 Roubaix avec ce th\u00e8me puisque le patrimoine architectural public est une des grandes richesses de notre ville\u00a0!<\/em><\/p>\n<p><strong>\u00a0<\/strong>Alors, comment participer \u00e0 notre concours ? Avec des photos d\u2019accord&#8230; Mais il n\u2019y a pas que ce mode d\u2019expression pour mettre l\u2019architecture de Roubaix en valeur ! Si la peinture, sous quelque forme que ce soit (gouache, pastel, aquarelle&#8230;) est un de vos talents, si le dessin (crayon, fusain, num\u00e9rique&#8230;) vous tente &#8230; et pourquoi pas les mots&#8230; ou m\u00eame l&rsquo;aiguille&#8230; lancez-vous !<\/p>\n<p>Parce que, cette ann\u00e9e, le concours n\u2019est pas qu\u2019un concours pour les photographes, c\u2019en est un aussi pour les dessinateurs, les peintres, les graphistes, et pourquoi pas m\u00eame&#8230; les brodeuses !<\/p>\n<p><img loading=\"lazy\" class=\"size-medium wp-image-2532 aligncenter\" src=\"https:\/\/www.histoirederoubaix.com\/wp-content\/uploads\/2025\/04\/photo-1-225x300.jpg\" alt=\"\" width=\"225\" height=\"300\" srcset=\"https:\/\/www.histoirederoubaix.com\/wp-content\/uploads\/2025\/04\/photo-1-225x300.jpg 225w, https:\/\/www.histoirederoubaix.com\/wp-content\/uploads\/2025\/04\/photo-1-768x1024.jpg 768w, https:\/\/www.histoirederoubaix.com\/wp-content\/uploads\/2025\/04\/photo-1-1152x1536.jpg 1152w, https:\/\/www.histoirederoubaix.com\/wp-content\/uploads\/2025\/04\/photo-1.jpg 1417w\" sizes=\"(max-width: 225px) 100vw, 225px\" \/><\/p>\n<p>&nbsp;<\/p>\n<p><img loading=\"lazy\" class=\"size-medium wp-image-2530 aligncenter\" src=\"https:\/\/www.histoirederoubaix.com\/wp-content\/uploads\/2025\/04\/peinture-1-300x295.jpeg\" alt=\"\" width=\"300\" height=\"295\" srcset=\"https:\/\/www.histoirederoubaix.com\/wp-content\/uploads\/2025\/04\/peinture-1-300x295.jpeg 300w, https:\/\/www.histoirederoubaix.com\/wp-content\/uploads\/2025\/04\/peinture-1-1024x1007.jpeg 1024w, https:\/\/www.histoirederoubaix.com\/wp-content\/uploads\/2025\/04\/peinture-1-768x755.jpeg 768w, https:\/\/www.histoirederoubaix.com\/wp-content\/uploads\/2025\/04\/peinture-1-1536x1510.jpeg 1536w, https:\/\/www.histoirederoubaix.com\/wp-content\/uploads\/2025\/04\/peinture-1.jpeg 1701w\" sizes=\"(max-width: 300px) 100vw, 300px\" \/><\/p>\n<p>&nbsp;<\/p>\n<p><img loading=\"lazy\" class=\"size-medium wp-image-2528 aligncenter\" src=\"https:\/\/www.histoirederoubaix.com\/wp-content\/uploads\/2025\/04\/broderie-300x169.jpg\" alt=\"\" width=\"300\" height=\"169\" srcset=\"https:\/\/www.histoirederoubaix.com\/wp-content\/uploads\/2025\/04\/broderie-300x169.jpg 300w, https:\/\/www.histoirederoubaix.com\/wp-content\/uploads\/2025\/04\/broderie-1024x578.jpg 1024w, https:\/\/www.histoirederoubaix.com\/wp-content\/uploads\/2025\/04\/broderie-768x433.jpg 768w, https:\/\/www.histoirederoubaix.com\/wp-content\/uploads\/2025\/04\/broderie.jpg 1276w\" sizes=\"(max-width: 300px) 100vw, 300px\" \/><\/p>\n<p>Et surtout n\u2019h\u00e9sitez pas \u00e0 sortir des sentiers battus ! Essayez de d\u00e9nicher un \u00e9l\u00e9ment m\u00e9connu de notre patrimoine architectural pour le mettre en valeur et le faire conna\u00eetre&#8230;<\/p>\n<p>&nbsp;<\/p>\n<div id=\"attachment_2529\" style=\"width: 310px\" class=\"wp-caption alignright\"><img aria-describedby=\"caption-attachment-2529\" loading=\"lazy\" class=\"wp-image-2529 size-medium\" src=\"https:\/\/www.histoirederoubaix.com\/wp-content\/uploads\/2025\/04\/dessin-2--300x234.jpg\" alt=\"\" width=\"300\" height=\"234\" srcset=\"https:\/\/www.histoirederoubaix.com\/wp-content\/uploads\/2025\/04\/dessin-2--300x234.jpg 300w, https:\/\/www.histoirederoubaix.com\/wp-content\/uploads\/2025\/04\/dessin-2-.jpg 566w\" sizes=\"(max-width: 300px) 100vw, 300px\" \/><p id=\"caption-attachment-2529\" class=\"wp-caption-text\">\u00a9 Lucie Massart<\/p><\/div>\n<p><img loading=\"lazy\" class=\"size-medium wp-image-2533 alignnone\" src=\"https:\/\/www.histoirederoubaix.com\/wp-content\/uploads\/2025\/04\/photo-3-225x300.jpg\" alt=\"\" width=\"225\" height=\"300\" srcset=\"https:\/\/www.histoirederoubaix.com\/wp-content\/uploads\/2025\/04\/photo-3-225x300.jpg 225w, https:\/\/www.histoirederoubaix.com\/wp-content\/uploads\/2025\/04\/photo-3-768x1024.jpg 768w, https:\/\/www.histoirederoubaix.com\/wp-content\/uploads\/2025\/04\/photo-3-1152x1536.jpg 1152w, https:\/\/www.histoirederoubaix.com\/wp-content\/uploads\/2025\/04\/photo-3.jpg 1417w\" sizes=\"(max-width: 225px) 100vw, 225px\" \/><\/p>\n<p><img loading=\"lazy\" class=\"size-medium wp-image-2534 aligncenter\" src=\"https:\/\/www.histoirederoubaix.com\/wp-content\/uploads\/2025\/04\/photo-2-300x225.jpeg\" alt=\"\" width=\"300\" height=\"225\" srcset=\"https:\/\/www.histoirederoubaix.com\/wp-content\/uploads\/2025\/04\/photo-2-300x225.jpeg 300w, https:\/\/www.histoirederoubaix.com\/wp-content\/uploads\/2025\/04\/photo-2-1024x768.jpeg 1024w, https:\/\/www.histoirederoubaix.com\/wp-content\/uploads\/2025\/04\/photo-2-768x576.jpeg 768w, https:\/\/www.histoirederoubaix.com\/wp-content\/uploads\/2025\/04\/photo-2.jpeg 1468w\" sizes=\"(max-width: 300px) 100vw, 300px\" \/><\/p>\n<p>Bien entendu, comme chaque ann\u00e9e, ce concours est gratuit et ouvert \u00e0 tous et \u00e0 toutes, de tout \u00e2ge, jusqu\u2019au 30 ao\u00fbt ! Il vous suffit d&rsquo;envoyer vos photos\/dessins\/peintures\/broderies num\u00e9ris\u00e9s (par scan ou photo) sur le mail : concoursphotosser@gmail.com.<\/p>\n<p>Les fichiers (3 maximum par participant) auront une d\u00e9finition d&rsquo;au moins 1 Mo pour \u00eatre imprim\u00e9s par nos soins. Merci de les intituler de votre nom et du lieu roubaisien mis en valeur.<\/p>\n<p>Et cette ann\u00e9e, nous sommes accueillis par le Lyc\u00e9e Baudelaire pour exposer vos d\u00e9couvertes lors des Journ\u00e9es du Patrimoine, les samedi 20 de 10 \u00e0 18 h et dimanche 21 septembre de 11 h \u00e0 17 h prochains. Et certaines \u00ab\u00a0d\u00e9couvertes\u00a0\u00bb seront prim\u00e9es comme il se doit, gr\u00e2ce \u00e0 nos fid\u00e8les partenaires roubaisiens : Le Colis\u00e9e, les Amis du Mus\u00e9e, Camara Grand&rsquo;rue et le Furet.<\/p>\n<p><img loading=\"lazy\" class=\"wp-image-2539 aligncenter\" src=\"https:\/\/www.histoirederoubaix.com\/wp-content\/uploads\/2025\/04\/photo-4-300x225.jpg\" alt=\"\" width=\"360\" height=\"270\" srcset=\"https:\/\/www.histoirederoubaix.com\/wp-content\/uploads\/2025\/04\/photo-4-300x225.jpg 300w, https:\/\/www.histoirederoubaix.com\/wp-content\/uploads\/2025\/04\/photo-4-1024x768.jpg 1024w, https:\/\/www.histoirederoubaix.com\/wp-content\/uploads\/2025\/04\/photo-4-768x576.jpg 768w, https:\/\/www.histoirederoubaix.com\/wp-content\/uploads\/2025\/04\/photo-4.jpg 1481w\" sizes=\"(max-width: 360px) 100vw, 360px\" \/><\/p>\n<p><strong>\u00a0 \u00a0 \u00a0 \u00a0 \u00a0 \u00a0 \u00a0 \u00a0 \u00a0 \u00a0 \u00a0 \u00a0 \u00a0 \u00a0 \u00a0 \u00a0 \u00a0 \u00a0 \u00a0 \u00a0 \u00a0 \u00a0 \u00a0 \u00a0 \u00a0 \u00a0 \u00a0 \u00a0 \u00a0 \u00a0 \u00a0 \u00a0 \u00a0 \u00a0 <\/strong><\/p>\n<p>&nbsp;<\/p>\n<p style=\"text-align: center;\"><strong>Bon amusement : \u00e0 vos appareils, vos pinceaux, vos aiguilles ou vos souris !<\/strong><\/p>\n<p>&nbsp;<\/p>\n<div id=\"attachment_2538\" style=\"width: 428px\" class=\"wp-caption aligncenter\"><img aria-describedby=\"caption-attachment-2538\" loading=\"lazy\" class=\"wp-image-2538\" src=\"https:\/\/www.histoirederoubaix.com\/wp-content\/uploads\/2025\/04\/peinture-3-291x300.jpg\" alt=\"\" width=\"418\" height=\"431\" srcset=\"https:\/\/www.histoirederoubaix.com\/wp-content\/uploads\/2025\/04\/peinture-3-291x300.jpg 291w, https:\/\/www.histoirederoubaix.com\/wp-content\/uploads\/2025\/04\/peinture-3-768x791.jpg 768w, https:\/\/www.histoirederoubaix.com\/wp-content\/uploads\/2025\/04\/peinture-3.jpg 880w\" sizes=\"(max-width: 418px) 100vw, 418px\" \/><p id=\"caption-attachment-2538\" class=\"wp-caption-text\">\u00a9 Jean Dupuis<\/p><\/div>\n<p><img loading=\"lazy\" class=\"wp-image-2540 aligncenter\" src=\"https:\/\/www.histoirederoubaix.com\/wp-content\/uploads\/2025\/04\/photo-5-225x300.jpg\" alt=\"\" width=\"330\" height=\"440\" srcset=\"https:\/\/www.histoirederoubaix.com\/wp-content\/uploads\/2025\/04\/photo-5-225x300.jpg 225w, https:\/\/www.histoirederoubaix.com\/wp-content\/uploads\/2025\/04\/photo-5-768x1023.jpg 768w, https:\/\/www.histoirederoubaix.com\/wp-content\/uploads\/2025\/04\/photo-5.jpg 800w\" sizes=\"(max-width: 330px) 100vw, 330px\" \/><\/p>\n<p>&nbsp;<\/p>\n<p>&nbsp;<\/p>\n<div id=\"attachment_2545\" style=\"width: 337px\" class=\"wp-caption aligncenter\"><img aria-describedby=\"caption-attachment-2545\" loading=\"lazy\" class=\"wp-image-2545\" src=\"https:\/\/www.histoirederoubaix.com\/wp-content\/uploads\/2025\/04\/dessin-3-225x300.jpg\" alt=\"\" width=\"327\" height=\"436\" srcset=\"https:\/\/www.histoirederoubaix.com\/wp-content\/uploads\/2025\/04\/dessin-3-225x300.jpg 225w, https:\/\/www.histoirederoubaix.com\/wp-content\/uploads\/2025\/04\/dessin-3-768x1024.jpg 768w, https:\/\/www.histoirederoubaix.com\/wp-content\/uploads\/2025\/04\/dessin-3.jpg 886w\" sizes=\"(max-width: 327px) 100vw, 327px\" \/><p id=\"caption-attachment-2545\" class=\"wp-caption-text\">\u00a9 Tondy<\/p><\/div>\n","protected":false},"excerpt":{"rendered":"<p>Concours-photos ? Oui mais \u00ab\u00a0pas que\u00a0\u00bb, en cette ann\u00e9e du 11e concours \u00ab\u00a0Roubaix dans les yeux\u00a0\u00bb ! Cette ann\u00e9e, le th\u00e8me national des Journ\u00e9es du Patrimoine est du \u00ab\u00a0pain b\u00e9nit\u00bb pour ceux qui aiment Roubaix : \u00ab\u00a0patrimoine architectural, rep\u00e8re de l\u2019histoire locale et de la m\u00e9moire collective\u00a0\u00bb. Nous sommes particuli\u00e8rement g\u00e2t\u00e9s \u00e0 Roubaix avec ce [&hellip;]<\/p>\n","protected":false},"author":5,"featured_media":0,"comment_status":"open","ping_status":"open","sticky":false,"template":"","format":"standard","meta":[],"categories":[7],"tags":[],"_links":{"self":[{"href":"https:\/\/www.histoirederoubaix.com\/index.php\/wp-json\/wp\/v2\/posts\/2521"}],"collection":[{"href":"https:\/\/www.histoirederoubaix.com\/index.php\/wp-json\/wp\/v2\/posts"}],"about":[{"href":"https:\/\/www.histoirederoubaix.com\/index.php\/wp-json\/wp\/v2\/types\/post"}],"author":[{"embeddable":true,"href":"https:\/\/www.histoirederoubaix.com\/index.php\/wp-json\/wp\/v2\/users\/5"}],"replies":[{"embeddable":true,"href":"https:\/\/www.histoirederoubaix.com\/index.php\/wp-json\/wp\/v2\/comments?post=2521"}],"version-history":[{"count":15,"href":"https:\/\/www.histoirederoubaix.com\/index.php\/wp-json\/wp\/v2\/posts\/2521\/revisions"}],"predecessor-version":[{"id":2778,"href":"https:\/\/www.histoirederoubaix.com\/index.php\/wp-json\/wp\/v2\/posts\/2521\/revisions\/2778"}],"wp:attachment":[{"href":"https:\/\/www.histoirederoubaix.com\/index.php\/wp-json\/wp\/v2\/media?parent=2521"}],"wp:term":[{"taxonomy":"category","embeddable":true,"href":"https:\/\/www.histoirederoubaix.com\/index.php\/wp-json\/wp\/v2\/categories?post=2521"},{"taxonomy":"post_tag","embeddable":true,"href":"https:\/\/www.histoirederoubaix.com\/index.php\/wp-json\/wp\/v2\/tags?post=2521"}],"curies":[{"name":"wp","href":"https:\/\/api.w.org\/{rel}","templated":true}]}}